{"id":75755,"date":"2020-03-22T11:52:44","date_gmt":"2020-03-22T11:52:44","guid":{"rendered":"https:\/\/www.techs.es\/?p=75755"},"modified":"2020-03-22T11:54:21","modified_gmt":"2020-03-22T11:54:21","slug":"protocolo-desinfeccion-preventiva","status":"publish","type":"post","link":"https:\/\/www.techs.es\/es\/protocolo-desinfeccion-preventiva\/","title":{"rendered":"Protocolo de desinfecci\u00f3n preventiva en Textil Santanderina"},"content":{"rendered":"<div class=\"wpb-content-wrapper\"><p>[vc_row unlock_row=\u00bb\u00bb row_height_percent=\u00bb0&#8243; override_padding=\u00bbyes\u00bb h_padding=\u00bb2&#8243; top_padding=\u00bb0&#8243; bottom_padding=\u00bb0&#8243; overlay_alpha=\u00bb100&#8243; gutter_size=\u00bb3&#8243; column_width_percent=\u00bb100&#8243; shift_y=\u00bb0&#8243; z_index=\u00bb0&#8243; row_height_use_pixel=\u00bb\u00bb css=\u00bb.vc_custom_1511874355341{padding-top: 0px !important;padding-bottom: 0px !important;}\u00bb][vc_column column_width_use_pixel=\u00bbyes\u00bb overlay_alpha=\u00bb50&#8243; gutter_size=\u00bb3&#8243; medium_width=\u00bb0&#8243; shift_x=\u00bb0&#8243; shift_y=\u00bb0&#8243; zoom_width=\u00bb0&#8243; zoom_height=\u00bb0&#8243; column_width_pixel=\u00bb800&#8243; width=\u00bb2\/12&#8243;][\/vc_column][vc_column width=\u00bb8\/12&#8243;][vc_column_text]<\/p>\n<h1 style=\"text-align: center;\">Protocolo de desinfecci\u00f3n preventiva en Textil Santanderina<\/h1>\n<p>[\/vc_column_text][\/vc_column][vc_column width=\u00bb2\/12&#8243;][\/vc_column][\/vc_row][vc_row unlock_row=\u00bb\u00bb row_height_percent=\u00bb0&#8243; override_padding=\u00bbyes\u00bb h_padding=\u00bb2&#8243; top_padding=\u00bb2&#8243; bottom_padding=\u00bb0&#8243; overlay_alpha=\u00bb100&#8243; gutter_size=\u00bb3&#8243; column_width_percent=\u00bb100&#8243; shift_y=\u00bb0&#8243; z_index=\u00bb0&#8243; row_height_use_pixel=\u00bb\u00bb css=\u00bb.vc_custom_1511874253033{padding-top: 0px !important;padding-bottom: 0px !important;}\u00bb][vc_column column_width_use_pixel=\u00bbyes\u00bb overlay_alpha=\u00bb50&#8243; gutter_size=\u00bb3&#8243; medium_width=\u00bb0&#8243; shift_x=\u00bb0&#8243; shift_y=\u00bb0&#8243; zoom_width=\u00bb0&#8243; zoom_height=\u00bb0&#8243; column_width_pixel=\u00bb800&#8243; width=\u00bb1\/12&#8243;][\/vc_column][vc_column column_width_percent=\u00bb100&#8243; override_padding=\u00bbyes\u00bb column_padding=\u00bb0&#8243; overlay_alpha=\u00bb50&#8243; gutter_size=\u00bb3&#8243; medium_width=\u00bb0&#8243; mobile_width=\u00bb0&#8243; shift_x=\u00bb0&#8243; shift_y=\u00bb0&#8243; shift_y_down=\u00bb0&#8243; z_index=\u00bb0&#8243; width=\u00bb10\/12&#8243; css=\u00bb.vc_custom_1511872399723{padding-top: 0px !important;padding-bottom: 0px !important;}\u00bb][vc_column_text css=\u00bb.vc_custom_1579080719315{padding-top: 0px !important;padding-bottom: 0px !important;}\u00bb][\/vc_column_text][\/vc_column][vc_column width=\u00bb1\/12&#8243;][\/vc_column][\/vc_row][vc_row unlock_row=\u00bb\u00bb row_height_percent=\u00bb0&#8243; override_padding=\u00bbyes\u00bb h_padding=\u00bb2&#8243; top_padding=\u00bb2&#8243; bottom_padding=\u00bb0&#8243; overlay_alpha=\u00bb100&#8243; gutter_size=\u00bb3&#8243; column_width_percent=\u00bb100&#8243; shift_y=\u00bb0&#8243; z_index=\u00bb0&#8243; row_height_use_pixel=\u00bb\u00bb css=\u00bb.vc_custom_1511874265481{padding-top: 0px !important;padding-bottom: 0px !important;}\u00bb][vc_column column_width_use_pixel=\u00bbyes\u00bb overlay_alpha=\u00bb50&#8243; gutter_size=\u00bb3&#8243; medium_width=\u00bb0&#8243; shift_x=\u00bb0&#8243; shift_y=\u00bb0&#8243; zoom_width=\u00bb0&#8243; zoom_height=\u00bb0&#8243; column_width_pixel=\u00bb800&#8243; width=\u00bb2\/12&#8243;][\/vc_column][vc_column width=\u00bb8\/12&#8243;][vc_column_text]<\/p>\n<p style=\"text-align: center;\">Textil Santanderina, dentro de las medidas y el protocolo que tiene establecidos en su plan de riesgos laborales para el a\u00f1o 2020 y, ante la situaci\u00f3n extraordinaria del COVID-19, ha intensificado las labores de desinfecci\u00f3n de sus instalaciones en Cabez\u00f3n de la Sal como medida extraordinaria para proteger la salud de sus empleados, colaboradores y tambi\u00e9n la de todo el equipo de emergencias que est\u00e1 trabajando en la producci\u00f3n de tejidos destinados al mundo sanitario para abastecer a clientes, colaboradores y Administraci\u00f3n del Estado.<\/p>\n<p>[\/vc_column_text][vc_single_image media=\u00bb75765&#8243; media_width_percent=\u00bb100&#8243; alignment=\u00bbcenter\u00bb][\/vc_column][vc_column width=\u00bb2\/12&#8243;][\/vc_column][\/vc_row][vc_row][vc_column width=\u00bb1\/1&#8243;][vc_column_text][\/vc_column_text][\/vc_column][\/vc_row]<\/p>\n<\/div>","protected":false},"excerpt":{"rendered":"<p>[vc_row unlock_row=\u00bb\u00bb row_height_percent=\u00bb0&#8243; override_padding=\u00bbyes\u00bb h_padding=\u00bb2&#8243; top_padding=\u00bb0&#8243; bottom_padding=\u00bb0&#8243; overlay_alpha=\u00bb100&#8243; gutter_size=\u00bb3&#8243; column_width_percent=\u00bb100&#8243; shift_y=\u00bb0&#8243; z_index=\u00bb0&#8243; row_height_use_pixel=\u00bb\u00bb css=\u00bb.vc_custom_1511874355341{padding-top: 0px !important;padding-bottom: 0px !important;}\u00bb][vc_column column_width_use_pixel=\u00bbyes\u00bb overlay_alpha=\u00bb50&#8243; [&hellip;]<\/p>\n","protected":false},"author":7,"featured_media":75757,"comment_status":"open","ping_status":"open","sticky":false,"template":"","format":"standard","meta":{"content-type":"","_monsterinsights_skip_tracking":false,"_monsterinsights_sitenote_active":false,"_monsterinsights_sitenote_note":"","_monsterinsights_sitenote_category":0,"footnotes":""},"categories":[72],"tags":[],"_links":{"self":[{"href":"https:\/\/www.techs.es\/es\/wp-json\/wp\/v2\/posts\/75755"}],"collection":[{"href":"https:\/\/www.techs.es\/es\/wp-json\/wp\/v2\/posts"}],"about":[{"href":"https:\/\/www.techs.es\/es\/wp-json\/wp\/v2\/types\/post"}],"author":[{"embeddable":true,"href":"https:\/\/www.techs.es\/es\/wp-json\/wp\/v2\/users\/7"}],"replies":[{"embeddable":true,"href":"https:\/\/www.techs.es\/es\/wp-json\/wp\/v2\/comments?post=75755"}],"version-history":[{"count":0,"href":"https:\/\/www.techs.es\/es\/wp-json\/wp\/v2\/posts\/75755\/revisions"}],"wp:featuredmedia":[{"embeddable":true,"href":"https:\/\/www.techs.es\/es\/wp-json\/wp\/v2\/media\/75757"}],"wp:attachment":[{"href":"https:\/\/www.techs.es\/es\/wp-json\/wp\/v2\/media?parent=75755"}],"wp:term":[{"taxonomy":"category","embeddable":true,"href":"https:\/\/www.techs.es\/es\/wp-json\/wp\/v2\/categories?post=75755"},{"taxonomy":"post_tag","embeddable":true,"href":"https:\/\/www.techs.es\/es\/wp-json\/wp\/v2\/tags?post=75755"}],"curies":[{"name":"wp","href":"https:\/\/api.w.org\/{rel}","templated":true}]}}