{"id":75699,"date":"2020-03-20T12:43:00","date_gmt":"2020-03-20T12:43:00","guid":{"rendered":"https:\/\/www.techs.es\/?p=75699"},"modified":"2020-03-23T11:00:35","modified_gmt":"2020-03-23T11:00:35","slug":"santanderina-campana-confeccion-mascarillas","status":"publish","type":"post","link":"https:\/\/www.techs.es\/es\/santanderina-campana-confeccion-mascarillas\/","title":{"rendered":"Santanderina pone en marcha una campa\u00f1a para la confecci\u00f3n de mascarillas"},"content":{"rendered":"<div class=\"wpb-content-wrapper\"><p>[vc_row unlock_row=\u00bb\u00bb row_height_percent=\u00bb0&#8243; override_padding=\u00bbyes\u00bb h_padding=\u00bb2&#8243; top_padding=\u00bb0&#8243; bottom_padding=\u00bb0&#8243; overlay_alpha=\u00bb100&#8243; gutter_size=\u00bb3&#8243; column_width_percent=\u00bb100&#8243; shift_y=\u00bb0&#8243; z_index=\u00bb0&#8243; row_height_use_pixel=\u00bb\u00bb css=\u00bb.vc_custom_1511874355341{padding-top: 0px !important;padding-bottom: 0px !important;}\u00bb][vc_column column_width_use_pixel=\u00bbyes\u00bb overlay_alpha=\u00bb50&#8243; gutter_size=\u00bb3&#8243; medium_width=\u00bb0&#8243; shift_x=\u00bb0&#8243; shift_y=\u00bb0&#8243; zoom_width=\u00bb0&#8243; zoom_height=\u00bb0&#8243; column_width_pixel=\u00bb800&#8243; width=\u00bb2\/12&#8243;][\/vc_column][vc_column width=\u00bb8\/12&#8243;][vc_column_text]<\/p>\n<h1 style=\"text-align: center;\">Santanderina pone en marcha una campa\u00f1a para la confecci\u00f3n de mascarillas<\/h1>\n<p>[\/vc_column_text][\/vc_column][vc_column width=\u00bb2\/12&#8243;][\/vc_column][\/vc_row][vc_row unlock_row=\u00bb\u00bb row_height_percent=\u00bb0&#8243; override_padding=\u00bbyes\u00bb h_padding=\u00bb2&#8243; top_padding=\u00bb2&#8243; bottom_padding=\u00bb0&#8243; overlay_alpha=\u00bb100&#8243; gutter_size=\u00bb3&#8243; column_width_percent=\u00bb100&#8243; shift_y=\u00bb0&#8243; z_index=\u00bb0&#8243; row_height_use_pixel=\u00bb\u00bb css=\u00bb.vc_custom_1511874253033{padding-top: 0px !important;padding-bottom: 0px !important;}\u00bb][vc_column column_width_use_pixel=\u00bbyes\u00bb overlay_alpha=\u00bb50&#8243; gutter_size=\u00bb3&#8243; medium_width=\u00bb0&#8243; shift_x=\u00bb0&#8243; shift_y=\u00bb0&#8243; zoom_width=\u00bb0&#8243; zoom_height=\u00bb0&#8243; column_width_pixel=\u00bb800&#8243; width=\u00bb1\/12&#8243;][\/vc_column][vc_column column_width_percent=\u00bb100&#8243; override_padding=\u00bbyes\u00bb column_padding=\u00bb0&#8243; overlay_alpha=\u00bb50&#8243; gutter_size=\u00bb3&#8243; medium_width=\u00bb0&#8243; mobile_width=\u00bb0&#8243; shift_x=\u00bb0&#8243; shift_y=\u00bb0&#8243; shift_y_down=\u00bb0&#8243; z_index=\u00bb0&#8243; width=\u00bb10\/12&#8243; css=\u00bb.vc_custom_1511872399723{padding-top: 0px !important;padding-bottom: 0px !important;}\u00bb][vc_column_text css=\u00bb.vc_custom_1579080719315{padding-top: 0px !important;padding-bottom: 0px !important;}\u00bb][\/vc_column_text][\/vc_column][vc_column width=\u00bb1\/12&#8243;][\/vc_column][\/vc_row][vc_row unlock_row=\u00bb\u00bb row_height_percent=\u00bb0&#8243; override_padding=\u00bbyes\u00bb h_padding=\u00bb2&#8243; top_padding=\u00bb2&#8243; bottom_padding=\u00bb0&#8243; overlay_alpha=\u00bb100&#8243; gutter_size=\u00bb3&#8243; column_width_percent=\u00bb100&#8243; shift_y=\u00bb0&#8243; z_index=\u00bb0&#8243; row_height_use_pixel=\u00bb\u00bb css=\u00bb.vc_custom_1511874265481{padding-top: 0px !important;padding-bottom: 0px !important;}\u00bb][vc_column column_width_use_pixel=\u00bbyes\u00bb overlay_alpha=\u00bb50&#8243; gutter_size=\u00bb3&#8243; medium_width=\u00bb0&#8243; shift_x=\u00bb0&#8243; shift_y=\u00bb0&#8243; zoom_width=\u00bb0&#8243; zoom_height=\u00bb0&#8243; column_width_pixel=\u00bb800&#8243; width=\u00bb2\/12&#8243;][\/vc_column][vc_column width=\u00bb8\/12&#8243;][vc_column_text]<\/p>\n<p style=\"text-align: center;\">Textil Santanderina, en coordinaci\u00f3n con los ayuntamientos de la comarca a la que pertenece, ha puesto en marcha una campa\u00f1a local para la entrega del tejido y del material necesario para confeccionar mascarillas. Aquellas personas que lo deseen, podr\u00e1n confeccionar mascarillas desde sus hogares y, despu\u00e9s de ser recogidas y tras un proceso de esterilizaci\u00f3n, las mascarillas ser\u00e1n redistribuidas a aquellos lugares que tengan m\u00e1s necesidad para as\u00ed colaborar en mitigar la falta de abastecimiento en algunos contextos sociales.<\/p>\n<p style=\"text-align: center;\"><strong>Todas las personas de la comarca (municipios cercanos a Textil Santanderina en Cabez\u00f3n de la Sal) interesadas en colaborar pueden dirigirse al ayuntamiento de su poblaci\u00f3n con los cuales se est\u00e1 organizando la campa\u00f1a.<\/strong><\/p>\n<p>[\/vc_column_text][vc_single_image media=\u00bb75702&#8243; media_width_percent=\u00bb100&#8243; alignment=\u00bbcenter\u00bb][\/vc_column][vc_column width=\u00bb2\/12&#8243;][\/vc_column][\/vc_row][vc_row unlock_row=\u00bb\u00bb row_height_percent=\u00bb0&#8243; override_padding=\u00bbyes\u00bb h_padding=\u00bb2&#8243; top_padding=\u00bb2&#8243; bottom_padding=\u00bb0&#8243; overlay_alpha=\u00bb100&#8243; gutter_size=\u00bb3&#8243; column_width_percent=\u00bb100&#8243; shift_y=\u00bb0&#8243; z_index=\u00bb0&#8243; row_height_use_pixel=\u00bb\u00bb css=\u00bb.vc_custom_1511874265481{padding-top: 0px !important;padding-bottom: 0px !important;}\u00bb][vc_column column_width_use_pixel=\u00bbyes\u00bb overlay_alpha=\u00bb50&#8243; gutter_size=\u00bb3&#8243; medium_width=\u00bb0&#8243; shift_x=\u00bb0&#8243; shift_y=\u00bb0&#8243; zoom_width=\u00bb0&#8243; zoom_height=\u00bb0&#8243; column_width_pixel=\u00bb800&#8243; width=\u00bb2\/12&#8243;][\/vc_column][vc_column width=\u00bb8\/12&#8243;][vc_column_text]<\/p>\n<p style=\"text-align: center;\">En el video adjunto encontrar\u00e9is el proceso de confecci\u00f3n de una mascarilla de tejido.<\/p>\n<p>[\/vc_column_text][vc_single_image media=\u00bb75709&#8243; media_width_percent=\u00bb100&#8243; alignment=\u00bbcenter\u00bb media_link=\u00bburl:https%3A%2F%2Fyoutu.be%2FPZiNEfCr8aY|||\u00bb][\/vc_column][vc_column width=\u00bb2\/12&#8243;][\/vc_column][\/vc_row][vc_row][vc_column width=\u00bb1\/1&#8243;][vc_column_text][\/vc_column_text][vc_button button_color=\u00bbcolor-309098&#8243; wide=\u00bbyes\u00bb border_width=\u00bb0&#8243; link=\u00bburl:https%3A%2F%2Fwww.techs.es%2Fwp-content%2Fuploads%2F2017%2F06%2FCaracteristicas_tejido_mascarillas_Santanderina-2.pdf||target:%20_blank|\u00bb el_class=\u00bbboto-descarrega\u00bb icon=\u00bbfa fa-globe\u00bb]Caracter\u00edsticas del tejido para la confecci\u00f3n de mascarillas[\/vc_button][\/vc_column][\/vc_row]<\/p>\n<\/div>","protected":false},"excerpt":{"rendered":"<p>[vc_row unlock_row=\u00bb\u00bb row_height_percent=\u00bb0&#8243; override_padding=\u00bbyes\u00bb h_padding=\u00bb2&#8243; top_padding=\u00bb0&#8243; bottom_padding=\u00bb0&#8243; overlay_alpha=\u00bb100&#8243; gutter_size=\u00bb3&#8243; column_width_percent=\u00bb100&#8243; shift_y=\u00bb0&#8243; z_index=\u00bb0&#8243; row_height_use_pixel=\u00bb\u00bb css=\u00bb.vc_custom_1511874355341{padding-top: 0px !important;padding-bottom: 0px !important;}\u00bb][vc_column column_width_use_pixel=\u00bbyes\u00bb overlay_alpha=\u00bb50&#8243; [&hellip;]<\/p>\n","protected":false},"author":7,"featured_media":75702,"comment_status":"open","ping_status":"open","sticky":false,"template":"","format":"standard","meta":{"content-type":"","_monsterinsights_skip_tracking":false,"_monsterinsights_sitenote_active":false,"_monsterinsights_sitenote_note":"","_monsterinsights_sitenote_category":0,"footnotes":""},"categories":[72],"tags":[],"_links":{"self":[{"href":"https:\/\/www.techs.es\/es\/wp-json\/wp\/v2\/posts\/75699"}],"collection":[{"href":"https:\/\/www.techs.es\/es\/wp-json\/wp\/v2\/posts"}],"about":[{"href":"https:\/\/www.techs.es\/es\/wp-json\/wp\/v2\/types\/post"}],"author":[{"embeddable":true,"href":"https:\/\/www.techs.es\/es\/wp-json\/wp\/v2\/users\/7"}],"replies":[{"embeddable":true,"href":"https:\/\/www.techs.es\/es\/wp-json\/wp\/v2\/comments?post=75699"}],"version-history":[{"count":0,"href":"https:\/\/www.techs.es\/es\/wp-json\/wp\/v2\/posts\/75699\/revisions"}],"wp:featuredmedia":[{"embeddable":true,"href":"https:\/\/www.techs.es\/es\/wp-json\/wp\/v2\/media\/75702"}],"wp:attachment":[{"href":"https:\/\/www.techs.es\/es\/wp-json\/wp\/v2\/media?parent=75699"}],"wp:term":[{"taxonomy":"category","embeddable":true,"href":"https:\/\/www.techs.es\/es\/wp-json\/wp\/v2\/categories?post=75699"},{"taxonomy":"post_tag","embeddable":true,"href":"https:\/\/www.techs.es\/es\/wp-json\/wp\/v2\/tags?post=75699"}],"curies":[{"name":"wp","href":"https:\/\/api.w.org\/{rel}","templated":true}]}}